{"id":42342,"date":"2023-04-16T12:02:29","date_gmt":"2023-04-16T09:02:29","guid":{"rendered":"http:\/\/orsiad.com.tr\/?p=42342"},"modified":"2023-04-16T19:57:01","modified_gmt":"2023-04-16T16:57:01","slug":"lentretien-quon-a-fait-avec-m-mehmet-sen-le-coordinateur-general-du-projet-mdf-marpan-fonde-au-maroc","status":"publish","type":"post","link":"https:\/\/orsiad.com.tr\/en\/lentretien-quon-a-fait-avec-m-mehmet-sen-le-coordinateur-general-du-projet-mdf-marpan-fonde-au-maroc.html","title":{"rendered":"L\u2019entretien qu\u2019on a fait avec M. Mehmet \u015eEN, le  coordinateur g\u00e9n\u00e9ral du projet MDF Marpan fond\u00e9  au Maroc"},"content":{"rendered":"<p>Nous avons eu un entretien avec M.Mehmet \u015eEN, coordinateur g\u00e9n\u00e9ral\u00a0du projet MDF Marpan, sur les derniers d\u00e9veloppements de\u00a0l&#8217;investissement MDF Marpan Maroc.<\/p>\n<p><strong>&#8211; Monsieur Mahmet, tout d&#8217;abord, f\u00e9licitations pour votre nouvel\u00a0investissement. Quels nouveaux d\u00e9veloppements ont eu lieu\u00a0depuis le mois dernier ?<\/strong><\/p>\n<p>+ Dans le cadre de notre investissement dans MDF Marpan Maroc ; le\u00a0directeur des ventes de la soci\u00e9t\u00e9 Dieffenbacher en Allemagne M.Tilman\u00a0HELMER, la chef de projet chez Dieffenbacher Mme I\u015f\u0131k Zorcu, le chef\u00a0de projet MdfMarpan Hamdi Sagesen, le propri\u00e9taire de \u00c7ELIK YAPI\u00a0EGM Bilecik Hanex M.Cihan AYLA et moi, en tant que g\u00e9n\u00e9ral\u00a0d&#8217;investissement coordinateur, a tenu une r\u00e9union technique.<\/p>\n<p><strong>&#8211; Pourriez-vous, s&#8217;il vous pla\u00eet, donner quelques informations sur\u00a0les caract\u00e9ristiques techniques de la facilit\u00e9, M. Mehmet ?<\/strong><\/p>\n<p>+En tant que MDF Marpan, nous \u00e9largissons la palette de production de\u00a0notre Usine Int\u00e9gr\u00e9e de Produits Forestiers \u00e0 Rabat, et renouvelons par\u00a0la m\u00eame occasion nos technologies, dans nos ouvrages que nous\u00a0pr\u00e9voyons d&#8217;investir au Maroc.<\/p>\n<p><strong>Dans le cadre de l&#8217;investissement :<\/strong><\/p>\n<p>1) Ligne de production de parquet\/flooring MDF d&#8217;une capacit\u00e9\u00a0annuelle de 19 millions de m\u00e8tres carr\u00e9s.<\/p>\n<p>2) Ligne de production de MDF d&#8217;une capacit\u00e9 quotidienne de 1000\u00a0m\u00e8tres cubes.<\/p>\n<p>3) Presse de rev\u00eatement m\u00e9lamin\u00e9 et presse m\u00e9lamin\u00e9 \u00e0 cycle court.<\/p>\n<p>4) Ligne d&#8217;impr\u00e9gnation d&#8217;une capacit\u00e9 annuelle de 80 millions de\u00a0m\u00e8tres carr\u00e9s.<\/p>\n<p>5) Ligne de peinture en bois mince MDF.<\/p>\n<p>6) Installations de production de colle et de produits chimiques.<\/p>\n<p>7) Ligne int\u00e9gr\u00e9e de production de biomasse de 7 MW et d&#8217;\u00e9lectricit\u00e9.\u00a0Nous avons commenc\u00e9 la construction et les activit\u00e9s d&#8217;investissement \u00e0\u00a0Rabat dans ce contexte.\u00a0Nous recherchons depuis longtemps des entreprises concurrentes dans\u00a0le cadre du projet d&#8217;investissement et avons \u00e9tudi\u00e9 leur production dans\u00a0les d\u00e9partements R&amp;D de divers instituts de recherche \u00e9trangers pour\u00a0faire notre choix de machines.\u00a0Nous r\u00e9aliserons des vari\u00e9t\u00e9s de production dans nos processus en\u00a0\u00e9tablissant une relation \u00e9troite entre la gestion de la qualit\u00e9 et la\u00a0productivit\u00e9 dans nos travaux.\u00a0Le fait que certains termes et concepts soient utilis\u00e9s depuis longtemps\u00a0dans le m\u00e9tro et la production ne signifie pas qu&#8217;ils sont corrects. Mdf\u00a0Marpan a d\u00e9cid\u00e9 d&#8217;investir en Tunisie en recherchant ces concepts \u00e0\u00a0l&#8217;\u00e9chelle internationale.\u00a0Pour pouvoir concurrencer les entreprises turques et \u00e9trang\u00e8res dans\u00a0nos usines de production, Mdf Marpan continuera son chemin et son\u00a0investissement en Tunisie avec une gestion exp\u00e9riment\u00e9e des\u00a0ressources humaines ax\u00e9e sur la relation entre l&#8217;homme et la machine.\u00a0Avec ce mode de gestion, nous r\u00e9aliserons des productions sp\u00e9ciales de\u00a0haute qualit\u00e9 ayant une comp\u00e9titivit\u00e9 \u00e9lev\u00e9e dans nos processus. J&#8217;ai\u00a0travaill\u00e9 en tant que chercheur pour TUB\u0130TAK en Turquie pendant\u00a0longtemps. Nous visons \u00e0 r\u00e9aliser ces travaux avec nos coll\u00e8gues de\u00a0l&#8217;\u00e9quipe dans le processus.<\/p>\n<p><strong>&#8211; M. Mehmet, Quels sont les buts de la facilit\u00e9?<\/strong><\/p>\n<p>+ Dans nos investissements ax\u00e9s sur le Maroc, nous op\u00e9rons avec une\u00a0structure organisationnelle ax\u00e9e sur la satisfaction client\u00e8le et la qualit\u00e9.\u00a0Dans ce contexte, MDF Marpan servira les objectifs d&#8217;investissement de\u00a0mani\u00e8re \u00e0 maintenir les normes de qualit\u00e9 les plus \u00e9lev\u00e9es pour ses\u00a0clients.\u00a0Nous vivons dans un monde o\u00f9 le changement est constant et nous\u00a0savons que pendant ces changements constants, les anciennes\u00a0technologies c\u00e8dent toujours la place aux nouvelles. Ces changements\u00a0permettent l&#8217;\u00e9mergence de nouvelles m\u00e9thodes et de nouvelles id\u00e9es, et\u00a0dans ce contexte, le groupe MDF Marpan continue de travailler de\u00a0mani\u00e8re durable et ax\u00e9e sur le d\u00e9veloppement. Cependant, nous ne\u00a0faisons jamais de compromis sur la qualit\u00e9 et la satisfaction client\u00e8le\u00a0pendant ces travaux.\u00a0Nous cherchons \u00e0 d\u00e9velopper nos actions au Maroc de mani\u00e8re stable\u00a0en nous concentrant sur nos objectifs, et pr\u00e9voyons de fournir \u00e0 nos\u00a0clients une qualit\u00e9 optimale de produits avec une vari\u00e9t\u00e9 de processus,\u00a0bas\u00e9e sur les principes de cr\u00e9ativit\u00e9, de collaboration et d&#8217;excellence de\u00a0notre \u00e9quipe. Dans toutes nos op\u00e9rations et investissements, notre seul\u00a0objectif est de respecter les normes internationales et de garantir la\u00a0satisfaction de nos clients.\u00a0Nous croyons que gr\u00e2ce \u00e0 cette approche de travail, MDF Marpan\u00a0r\u00e9ussira \u00e0 se faire un nom parmi les noms mondialement connus dans\u00a0l&#8217;industrie, en particulier au Maroc. Dans ce contexte, nos nouveaux\u00a0investissements, avec notre compr\u00e9hension \u00e9nonc\u00e9e ci-dessus, notre\u00a0personnel comp\u00e9tent et notre infrastructure technique et technologique\u00a0fiable, serviront \u00e0 l\u2019\u00e9tat marocain ainsi que notre pays.<\/p>\n<p><strong>&#8211; Y a-t-il autre chose que vous souhaitez ajouter, M. Mehmet?<\/strong><\/p>\n<p>Les investissements de MDF Marpan au Maroc continueront \u00e0 \u00eatre ax\u00e9s\u00a0sur la nature et les \u00eatres humains, suivis du principe de durabilit\u00e9 pour\u00a0produire \u00e0 Rabat. Dans ce contexte, tous nos investissements seront en\u00a0harmonie avec la nature et les \u00eatres humains. De plus, apr\u00e8s de longues\u00a0observations et recherches, nous avons commenc\u00e9 \u00e0 travailler en\u00a0identifiant les besoins en infrastructure de l&#8217;\u00c9tat marocain, la structure du\u00a0pays, la situation \u00e9conomique du pays et la structure de la main-d&#8217;oeuvre\u00a0existante. Nous remercions d\u00e8s \u00e0 pr\u00e9sent tous ceux qui ont contribu\u00e9 et\u00a0continueront de contribuer \u00e0 nos efforts.<\/p>\n<p><strong><a href=\"http:\/\/orsiad.com.tr\/wp-content\/uploads\/41bb654e-e43e-4b0e-a332-d04c10693373.jpg\"><img loading=\"lazy\" decoding=\"async\" class=\"aligncenter size-full wp-image-42316\" src=\"http:\/\/orsiad.com.tr\/wp-content\/uploads\/41bb654e-e43e-4b0e-a332-d04c10693373.jpg\" alt=\"\" width=\"800\" height=\"560\" srcset=\"https:\/\/orsiad.com.tr\/wp-content\/uploads\/41bb654e-e43e-4b0e-a332-d04c10693373.jpg 800w, https:\/\/orsiad.com.tr\/wp-content\/uploads\/41bb654e-e43e-4b0e-a332-d04c10693373-400x280.jpg 400w, https:\/\/orsiad.com.tr\/wp-content\/uploads\/41bb654e-e43e-4b0e-a332-d04c10693373-600x420.jpg 600w, https:\/\/orsiad.com.tr\/wp-content\/uploads\/41bb654e-e43e-4b0e-a332-d04c10693373-120x84.jpg 120w\" sizes=\"auto, (max-width: 800px) 100vw, 800px\" \/><\/a>+ Cependant, notre niveau de direction en Maroc continue de\u00a0communiquer avec des responsables turcs et marocains \u00e0 Rabat.<\/strong><\/p>\n<p>A gauche, Efe CEYLAN, notre charg\u00e9e d&#8217;affaires \u00e0 l&#8217;Ambassade du\u00a0Maroc \u00e0 Rabat.\u00a0A droite Mehmet Ali ORAN, l&#8217;Attach\u00e9 Commercial de Rabat.\u00a0Ils ont re\u00e7u une visite de nos installations d\u00e9j\u00e0 \u00e9tablies et des\u00a0informations g\u00e9n\u00e9rales sur la nouvelle usine de MDF \u00e0 \u00e9tablir.<\/p>\n<p>&nbsp;<\/p>\n","protected":false},"excerpt":{"rendered":"<p>Nous avons eu un entretien avec M.Mehmet \u015eEN, coordinateur g\u00e9n\u00e9ral\u00a0du projet MDF Marpan, sur les derniers d\u00e9veloppements de\u00a0l&#8217;investissement MDF Marpan Maroc. &#8211; Monsieur Mahmet, tout d&#8217;abord, f\u00e9licitations pour votre nouvel\u00a0investissement. Quels nouveaux d\u00e9veloppements ont eu lieu\u00a0depuis le mois dernier ? + Dans le cadre de notre investissement dans MDF Marpan Maroc ; le\u00a0directeur des ventes [&hellip;]<\/p>\n","protected":false},"author":3,"featured_media":42322,"comment_status":"closed","ping_status":"closed","sticky":false,"template":"","format":"standard","meta":{"jetpack_post_was_ever_published":false,"_jetpack_newsletter_access":"","_jetpack_dont_email_post_to_subs":false,"_jetpack_newsletter_tier_id":0,"_jetpack_memberships_contains_paywalled_content":false,"_jetpack_memberships_contains_paid_content":false,"footnotes":"","_links_to":"","_links_to_target":""},"categories":[254,2015],"tags":[],"class_list":["post-42342","post","type-post","status-publish","format-standard","has-post-thumbnail","hentry","category-headline-news","category-mdf-chipboard"],"jetpack_featured_media_url":"https:\/\/orsiad.com.tr\/wp-content\/uploads\/marpan-hanex.jpg","jetpack_sharing_enabled":true,"_links":{"self":[{"href":"https:\/\/orsiad.com.tr\/en\/wp-json\/wp\/v2\/posts\/42342","targetHints":{"allow":["GET"]}}],"collection":[{"href":"https:\/\/orsiad.com.tr\/en\/wp-json\/wp\/v2\/posts"}],"about":[{"href":"https:\/\/orsiad.com.tr\/en\/wp-json\/wp\/v2\/types\/post"}],"author":[{"embeddable":true,"href":"https:\/\/orsiad.com.tr\/en\/wp-json\/wp\/v2\/users\/3"}],"replies":[{"embeddable":true,"href":"https:\/\/orsiad.com.tr\/en\/wp-json\/wp\/v2\/comments?post=42342"}],"version-history":[{"count":0,"href":"https:\/\/orsiad.com.tr\/en\/wp-json\/wp\/v2\/posts\/42342\/revisions"}],"wp:featuredmedia":[{"embeddable":true,"href":"https:\/\/orsiad.com.tr\/en\/wp-json\/wp\/v2\/media\/42322"}],"wp:attachment":[{"href":"https:\/\/orsiad.com.tr\/en\/wp-json\/wp\/v2\/media?parent=42342"}],"wp:term":[{"taxonomy":"category","embeddable":true,"href":"https:\/\/orsiad.com.tr\/en\/wp-json\/wp\/v2\/categories?post=42342"},{"taxonomy":"post_tag","embeddable":true,"href":"https:\/\/orsiad.com.tr\/en\/wp-json\/wp\/v2\/tags?post=42342"}],"curies":[{"name":"wp","href":"https:\/\/api.w.org\/{rel}","templated":true}]}}