{"id":52121,"date":"2025-06-23T17:16:50","date_gmt":"2025-06-23T14:16:50","guid":{"rendered":"https:\/\/orsiad.com.tr\/?p=52121"},"modified":"2025-12-30T13:05:12","modified_gmt":"2025-12-30T10:05:12","slug":"industry-dialogues-trade-fair-series-interzum-fair-2027","status":"publish","type":"post","link":"https:\/\/orsiad.com.tr\/en\/industry-dialogues-trade-fair-series-interzum-fair-2027.html","title":{"rendered":"Industry Dialogues \u2013 Trade Fair Series &#8211; interzum Fair 2027"},"content":{"rendered":"<p>This interview was conducted with <strong>Maik Fischer, Director of interzum<\/strong>. We thank her for taking the time to answer our questions and share her insights.<\/p>\n<p><strong>1. Could you briefly introduce your trade fair in a few words?<\/strong><\/p>\n<p><strong>Maik Fischer:<\/strong> interzum is the world\u2019s leading trade fair for furniture production and interior design. Held biennially in the odd years in Cologne\/Germany, interzum brings together the entire value chain \u2013 from materials and components to innovative technologies \u2013 and sets global trends in design, sustainability and functionality. It is where ideas take shape and the future of living environments is defined.<\/p>\n<p><strong>2. What do you pay attention to while preparing for the fair?<\/strong><\/p>\n<p><strong>Maik Fischer:<\/strong> Our priority is to ensure that interzum remains a forward-thinking platform that reflects the dynamics of the supplier and interior design industry \u2013 and helps set new trends. We closely observe market developments and translate them into relevant formats and content. Sustainability plays a central role in this process: not only do we promote sustainable solutions, we also actively challenge the industry to rethink established practices through our concepts and thematic focus areas.<\/p>\n<p>We aim to deliver real added value \u2013 through high-quality events, inspiring keynote speakers and special zones that bring future topics to life. Our exhibitor mix spans from global market leaders to agile start-ups, while our matchmaking and digital services such as, for example, the interzum app ensure a seamless and rewarding experience for visitors and partners alike.<\/p>\n<p><strong>3. What are your target markets this year? According to which criteria do you determine your target markets? Could you list the problems you encounter while bringing visitors from these markets to the fair?<\/strong><\/p>\n<p><strong>Maik Fischer:<\/strong> interzum positions itself as a globally relevant platform \u2013 and internationality remains one of our most important success factors. We focus on markets that are strategically important for the global furniture production industry and where we see strong innovation potential and a high density of decision-makers.<\/p>\n<p>In identifying our target regions, we take into account factors such as production volume, industry dynamics, export activity, and the development of local supplier networks. At the same time, we remain flexible and responsive to changing market conditions.<\/p>\n<p>Challenges can arise, for example, due to geopolitical uncertainties or visa restrictions. That\u2019s why we collaborate closely with our global Koelnmesse offices, local partners and industry associations worldwide to maintain strong connections and ensure accessibility across all key regions.<\/p>\n<p><strong>4. Competition in the market is intense, and global developments are making it increasingly difficult to access new markets. As a trade fair company, what kind of additional support do you need to withstand this competition?<\/strong><\/p>\n<p><strong>Maik Fischer:<\/strong> At interzum, we work closely with industry partners, associations and our international Koelnmesse network to strengthen market access and build lasting relationships across regions. This collaborative approach is key to remaining competitive in a dynamic global environment \u2013 and we\u2019re grateful for the strong backing we receive from our stakeholders.<\/p>\n<p>We also continuously adapt to shifting market conditions and align our formats with the specific needs of different target groups \u2013 whether through curated content, digital extensions or tailored matchmaking tools.<\/p>\n<p>That said, more additional support measures such as visa facilitation, travel coordination, or public funding for international delegations would be a valuable enhancement \u2013 particularly when it comes to bringing new visitor groups and emerging markets to Cologne. Any efforts in this direction help boost global reach and reinforce Germany\u2019s role as a leading international trade fair hub.<\/p>\n<p><strong>5. Is there anything you would like to add?<\/strong><\/p>\n<p><strong>Maik Fischer:<\/strong> interzum 2025 was a tremendous success, with over 1,600 exhibitors and around 60,000 visitors from 157 countries \u2013 a clear sign of the industry&#8217;s strong commitment to innovation and international exchange. Building on this momentum, our goal for the next interzum in the year 2027 is to further strengthen interzum\u2019s position as the world\u2019s leading trade fair for furniture production and interior design.<\/p>\n<div style=\"overflow: hidden; height: 1px;\"><a href=\"https:\/\/movingtoportland.net\/\" target=\"_blank\" rel=\"noopener\">1King<\/a> ile \u015fans\u0131n\u0131 dene, seni b\u00fcy\u00fck bir \u00f6d\u00fcl bekliyor!<\/div>\n<p>We will place an even stronger focus on key transformation drivers such as digitalization and sustainability \u2013 not just in terms of exhibited solutions, but also through our content formats and global outreach. Cologne will once again be the place where the industry gathers to shape the future \u2013 collaboratively, ambitiously, and with a clear commitment to progress.<\/p>\n","protected":false},"excerpt":{"rendered":"<p>This interview was conducted with Maik Fischer, Director of interzum. We thank her for taking the time to answer our questions and share her insights. 1. Could you briefly introduce your trade fair in a few words? Maik Fischer: interzum is the world\u2019s leading trade fair for furniture production and interior design. Held biennially in [&hellip;]<\/p>\n","protected":false},"author":3,"featured_media":52118,"comment_status":"closed","ping_status":"closed","sticky":false,"template":"","format":"standard","meta":{"jetpack_post_was_ever_published":false,"_jetpack_newsletter_access":"","_jetpack_dont_email_post_to_subs":false,"_jetpack_newsletter_tier_id":0,"_jetpack_memberships_contains_paywalled_content":false,"_jetpack_memberships_contains_paid_content":false,"footnotes":"","_links_to":"","_links_to_target":""},"categories":[8291,232,254],"tags":[],"class_list":["post-52121","post","type-post","status-publish","format-standard","has-post-thumbnail","hentry","category-industry-dialogues","category-fair","category-headline-news"],"jetpack_featured_media_url":"https:\/\/orsiad.com.tr\/wp-content\/uploads\/2025\/06\/Koelnmesse_Portrait_Maik-Fischer-scaled.jpg","jetpack_sharing_enabled":true,"_links":{"self":[{"href":"https:\/\/orsiad.com.tr\/en\/wp-json\/wp\/v2\/posts\/52121","targetHints":{"allow":["GET"]}}],"collection":[{"href":"https:\/\/orsiad.com.tr\/en\/wp-json\/wp\/v2\/posts"}],"about":[{"href":"https:\/\/orsiad.com.tr\/en\/wp-json\/wp\/v2\/types\/post"}],"author":[{"embeddable":true,"href":"https:\/\/orsiad.com.tr\/en\/wp-json\/wp\/v2\/users\/3"}],"replies":[{"embeddable":true,"href":"https:\/\/orsiad.com.tr\/en\/wp-json\/wp\/v2\/comments?post=52121"}],"version-history":[{"count":6,"href":"https:\/\/orsiad.com.tr\/en\/wp-json\/wp\/v2\/posts\/52121\/revisions"}],"predecessor-version":[{"id":54431,"href":"https:\/\/orsiad.com.tr\/en\/wp-json\/wp\/v2\/posts\/52121\/revisions\/54431"}],"wp:featuredmedia":[{"embeddable":true,"href":"https:\/\/orsiad.com.tr\/en\/wp-json\/wp\/v2\/media\/52118"}],"wp:attachment":[{"href":"https:\/\/orsiad.com.tr\/en\/wp-json\/wp\/v2\/media?parent=52121"}],"wp:term":[{"taxonomy":"category","embeddable":true,"href":"https:\/\/orsiad.com.tr\/en\/wp-json\/wp\/v2\/categories?post=52121"},{"taxonomy":"post_tag","embeddable":true,"href":"https:\/\/orsiad.com.tr\/en\/wp-json\/wp\/v2\/tags?post=52121"}],"curies":[{"name":"wp","href":"https:\/\/api.w.org\/{rel}","templated":true}]}}